{"id":23,"date":"2016-06-20T20:26:16","date_gmt":"2016-06-20T23:26:16","guid":{"rendered":"http:\/\/redemargaridas.org\/blog\/?p=23"},"modified":"2016-06-20T20:26:16","modified_gmt":"2016-06-20T23:26:16","slug":"bayeux-recebe-a-reuniao-da-comissao-intermunicipal","status":"publish","type":"post","link":"http:\/\/redemargaridas.org\/blog\/bayeux-recebe-a-reuniao-da-comissao-intermunicipal\/","title":{"rendered":"Bayeux recebe a reuni\u00e3o da Comiss\u00e3o Intermunicipal"},"content":{"rendered":"<p>A reuni\u00e3o mensal da Comiss\u00e3o Intermunicipal do Protagonismo da REMAR ser\u00e1 realizada no dia 20 de maio, em Bayeux. O local da reuni\u00e3o ser\u00e1 o Solar Joana de Angelis, Rua Col\u00f4nia Get\u00falio Vargas s\/n &#8211; Conj. Mario Andreazza -Mutir\u00e3o.<br \/>\nPonto de refer\u00eancia: por tr\u00e1s da Pol\u00edcia Rodovi\u00e1ria Federal, subindo a rua principal, no final do ponto dos \u00f4nibus, seguir a direita (200 m). Contatos \/informa\u00e7\u00f5es: \u00a0Elizabete 9881-26155 (CMDCA- Bayeux), 98786-8898 e 98674-0319 (REMAR) .<\/p>\n<p><b>Pauta:<\/b><\/p>\n<p>&#8211; 26 anos do ECA<br \/>\n&#8211; Trabalho Infantil<br \/>\n&#8211; Plano Decenal DHCA<br \/>\n&#8211; Novidades dos munic\u00edpios<br \/>\n&#8211; \u00a018 de Maio<\/p>\n<p><b>Assessoria de Comunica\u00e7\u00e3o &#8211; 3222-8910 | remarjp@gmail.com<\/b><\/p>\n","protected":false},"excerpt":{"rendered":"<p>A reuni\u00e3o mensal da Comiss\u00e3o Intermunicipal do Protagonismo da REMAR ser\u00e1 realizada no dia 20 de maio, em Bayeux. O local da reuni\u00e3o ser\u00e1 o Solar Joana de Angelis, Rua Col\u00f4nia Get\u00falio Vargas s\/n &#8211; Conj. Mario Andreazza -Mutir\u00e3o. Ponto de refer\u00eancia: por tr\u00e1s da Pol\u00edcia Rodovi\u00e1ria Federal, subindo a rua principal, no final do [&hellip;]<\/p>\n","protected":false},"author":2,"featured_media":24,"comment_status":"open","ping_status":"open","sticky":false,"template":"","format":"standard","meta":{"footnotes":""},"categories":[1],"tags":[],"class_list":["post-23","post","type-post","status-publish","format-standard","has-post-thumbnail","hentry","category-sem-categoria"],"_links":{"self":[{"href":"http:\/\/redemargaridas.org\/blog\/wp-json\/wp\/v2\/posts\/23","targetHints":{"allow":["GET"]}}],"collection":[{"href":"http:\/\/redemargaridas.org\/blog\/wp-json\/wp\/v2\/posts"}],"about":[{"href":"http:\/\/redemargaridas.org\/blog\/wp-json\/wp\/v2\/types\/post"}],"author":[{"embeddable":true,"href":"http:\/\/redemargaridas.org\/blog\/wp-json\/wp\/v2\/users\/2"}],"replies":[{"embeddable":true,"href":"http:\/\/redemargaridas.org\/blog\/wp-json\/wp\/v2\/comments?post=23"}],"version-history":[{"count":1,"href":"http:\/\/redemargaridas.org\/blog\/wp-json\/wp\/v2\/posts\/23\/revisions"}],"predecessor-version":[{"id":25,"href":"http:\/\/redemargaridas.org\/blog\/wp-json\/wp\/v2\/posts\/23\/revisions\/25"}],"wp:featuredmedia":[{"embeddable":true,"href":"http:\/\/redemargaridas.org\/blog\/wp-json\/wp\/v2\/media\/24"}],"wp:attachment":[{"href":"http:\/\/redemargaridas.org\/blog\/wp-json\/wp\/v2\/media?parent=23"}],"wp:term":[{"taxonomy":"category","embeddable":true,"href":"http:\/\/redemargaridas.org\/blog\/wp-json\/wp\/v2\/categories?post=23"},{"taxonomy":"post_tag","embeddable":true,"href":"http:\/\/redemargaridas.org\/blog\/wp-json\/wp\/v2\/tags?post=23"}],"curies":[{"name":"wp","href":"https:\/\/api.w.org\/{rel}","templated":true}]}}