{"id":36,"date":"2016-06-20T20:38:34","date_gmt":"2016-06-20T23:38:34","guid":{"rendered":"http:\/\/redemargaridas.org\/blog\/?p=36"},"modified":"2016-06-20T20:38:34","modified_gmt":"2016-06-20T23:38:34","slug":"agende-se-reuniao-comissao-protagonismo-de-joao-pessoa","status":"publish","type":"post","link":"http:\/\/redemargaridas.org\/blog\/agende-se-reuniao-comissao-protagonismo-de-joao-pessoa\/","title":{"rendered":"Agende-se: Reuni\u00e3o Comiss\u00e3o Protagonismo de Jo\u00e3o Pessoa"},"content":{"rendered":"<div style=\"text-align: justify;\">Na quinta, 28 de abril, a Comiss\u00e3o de Protagonismo Infanto-Juvenil de Jo\u00e3o Pessoa se re\u00fane mais uma vez, na sede da Rede Margaridas Pr\u00f3-Crian\u00e7as e Adolescentes.<\/div>\n<div style=\"text-align: justify;\"><\/div>\n<div style=\"text-align: justify;\">Na pauta:\u00a0Bullying: por que n\u00e3o te quero? que ter\u00e1 como facilitadora a professora Adriana Maia; os preparativos para o Dia 18 de Maio; e o Plano Decenal dos Direitos Humanos de Crian\u00e7as e Adolescentes &#8211; ideias protagonistas.<\/div>\n<div style=\"text-align: justify;\"><\/div>\n<div style=\"text-align: justify;\"><b>Porque participa\u00e7\u00e3o se aprende e se conquista!<\/b><\/div>\n","protected":false},"excerpt":{"rendered":"<p>Na quinta, 28 de abril, a Comiss\u00e3o de Protagonismo Infanto-Juvenil de Jo\u00e3o Pessoa se re\u00fane mais uma vez, na sede da Rede Margaridas Pr\u00f3-Crian\u00e7as e Adolescentes. Na pauta:\u00a0Bullying: por que n\u00e3o te quero? que ter\u00e1 como facilitadora a professora Adriana Maia; os preparativos para o Dia 18 de Maio; e o Plano Decenal dos Direitos [&hellip;]<\/p>\n","protected":false},"author":2,"featured_media":37,"comment_status":"open","ping_status":"open","sticky":false,"template":"","format":"standard","meta":{"footnotes":""},"categories":[1],"tags":[],"class_list":["post-36","post","type-post","status-publish","format-standard","has-post-thumbnail","hentry","category-sem-categoria"],"_links":{"self":[{"href":"http:\/\/redemargaridas.org\/blog\/wp-json\/wp\/v2\/posts\/36","targetHints":{"allow":["GET"]}}],"collection":[{"href":"http:\/\/redemargaridas.org\/blog\/wp-json\/wp\/v2\/posts"}],"about":[{"href":"http:\/\/redemargaridas.org\/blog\/wp-json\/wp\/v2\/types\/post"}],"author":[{"embeddable":true,"href":"http:\/\/redemargaridas.org\/blog\/wp-json\/wp\/v2\/users\/2"}],"replies":[{"embeddable":true,"href":"http:\/\/redemargaridas.org\/blog\/wp-json\/wp\/v2\/comments?post=36"}],"version-history":[{"count":1,"href":"http:\/\/redemargaridas.org\/blog\/wp-json\/wp\/v2\/posts\/36\/revisions"}],"predecessor-version":[{"id":38,"href":"http:\/\/redemargaridas.org\/blog\/wp-json\/wp\/v2\/posts\/36\/revisions\/38"}],"wp:featuredmedia":[{"embeddable":true,"href":"http:\/\/redemargaridas.org\/blog\/wp-json\/wp\/v2\/media\/37"}],"wp:attachment":[{"href":"http:\/\/redemargaridas.org\/blog\/wp-json\/wp\/v2\/media?parent=36"}],"wp:term":[{"taxonomy":"category","embeddable":true,"href":"http:\/\/redemargaridas.org\/blog\/wp-json\/wp\/v2\/categories?post=36"},{"taxonomy":"post_tag","embeddable":true,"href":"http:\/\/redemargaridas.org\/blog\/wp-json\/wp\/v2\/tags?post=36"}],"curies":[{"name":"wp","href":"https:\/\/api.w.org\/{rel}","templated":true}]}}