{"id":39,"date":"2016-06-20T20:39:46","date_gmt":"2016-06-20T23:39:46","guid":{"rendered":"http:\/\/redemargaridas.org\/blog\/?p=39"},"modified":"2016-06-29T23:15:14","modified_gmt":"2016-06-30T02:15:14","slug":"protagonismo-cabedelo","status":"publish","type":"post","link":"http:\/\/redemargaridas.org\/blog\/protagonismo-cabedelo\/","title":{"rendered":"Protagonismo Cabedelo"},"content":{"rendered":"<p>A Comiss\u00e3o de Protagonismo de Cabedelo se re\u00fane na sexta-feira (29) para discutir entre os pontos de pauta: o Plano Decenal dos Direitos Humanos de Crian\u00e7a e Adolescente; o Dia 18 de Maio e o planejamento do interc\u00e2mbio para o m\u00eas de maio.<\/p>\n","protected":false},"excerpt":{"rendered":"<p>A Comiss\u00e3o de Protagonismo de Cabedelo se re\u00fane na sexta-feira (29) para discutir entre os pontos de pauta: o Plano Decenal dos Direitos Humanos de Crian\u00e7a e Adolescente; o Dia 18 de Maio e o planejamento do interc\u00e2mbio para o m\u00eas de maio.<\/p>\n","protected":false},"author":2,"featured_media":40,"comment_status":"open","ping_status":"open","sticky":false,"template":"","format":"standard","meta":{"footnotes":""},"categories":[2],"tags":[],"class_list":["post-39","post","type-post","status-publish","format-standard","has-post-thumbnail","hentry","category-destaque"],"_links":{"self":[{"href":"http:\/\/redemargaridas.org\/blog\/wp-json\/wp\/v2\/posts\/39","targetHints":{"allow":["GET"]}}],"collection":[{"href":"http:\/\/redemargaridas.org\/blog\/wp-json\/wp\/v2\/posts"}],"about":[{"href":"http:\/\/redemargaridas.org\/blog\/wp-json\/wp\/v2\/types\/post"}],"author":[{"embeddable":true,"href":"http:\/\/redemargaridas.org\/blog\/wp-json\/wp\/v2\/users\/2"}],"replies":[{"embeddable":true,"href":"http:\/\/redemargaridas.org\/blog\/wp-json\/wp\/v2\/comments?post=39"}],"version-history":[{"count":1,"href":"http:\/\/redemargaridas.org\/blog\/wp-json\/wp\/v2\/posts\/39\/revisions"}],"predecessor-version":[{"id":41,"href":"http:\/\/redemargaridas.org\/blog\/wp-json\/wp\/v2\/posts\/39\/revisions\/41"}],"wp:featuredmedia":[{"embeddable":true,"href":"http:\/\/redemargaridas.org\/blog\/wp-json\/wp\/v2\/media\/40"}],"wp:attachment":[{"href":"http:\/\/redemargaridas.org\/blog\/wp-json\/wp\/v2\/media?parent=39"}],"wp:term":[{"taxonomy":"category","embeddable":true,"href":"http:\/\/redemargaridas.org\/blog\/wp-json\/wp\/v2\/categories?post=39"},{"taxonomy":"post_tag","embeddable":true,"href":"http:\/\/redemargaridas.org\/blog\/wp-json\/wp\/v2\/tags?post=39"}],"curies":[{"name":"wp","href":"https:\/\/api.w.org\/{rel}","templated":true}]}}