{"id":42,"date":"2016-06-20T20:42:07","date_gmt":"2016-06-20T23:42:07","guid":{"rendered":"http:\/\/redemargaridas.org\/blog\/?p=42"},"modified":"2016-06-29T23:14:52","modified_gmt":"2016-06-30T02:14:52","slug":"reuniao-protagonismo-infanto-juvenil-comisssao-de-joao-pessoa","status":"publish","type":"post","link":"http:\/\/redemargaridas.org\/blog\/reuniao-protagonismo-infanto-juvenil-comisssao-de-joao-pessoa\/","title":{"rendered":"Reuni\u00e3o Protagonismo Infanto Juvenil: Comisss\u00e3o de Jo\u00e3o Pessoa"},"content":{"rendered":"<div>Amanh\u00e3 (30), das 13h30 \u00e0s 16h30, na\u00a0Rede Margaridas Pr\u00f3 Crian\u00e7as e Adolescentes \u2013 REMAR \u2013 Rua da FUNAD com a presen\u00e7a dos representantes da Comiss\u00e3o de Jo\u00e3o Pessoa.<\/div>\n<div>\n<div>Em pauta v\u00e1rios assuntos importantes para a defesa e prote\u00e7\u00e3o dos direitos de crian\u00e7as e adolescentes.<\/div>\n<\/div>\n<div>\n<div><\/div>\n<\/div>\n<div>\n<div>Contamos com sua participa\u00e7\u00e3o, sempre!<\/div>\n<div>\n<div><\/div>\n<\/div>\n<div>\n<div>*CONFIRMAR HOR\u00c1RIO E QUANTIDADE DE PARTICIPANTES &#8211; URGENTE<br \/>\nLOCAL:<\/div>\n<\/div>\n<\/div>\n","protected":false},"excerpt":{"rendered":"<p>Amanh\u00e3 (30), das 13h30 \u00e0s 16h30, na\u00a0Rede Margaridas Pr\u00f3 Crian\u00e7as e Adolescentes \u2013 REMAR \u2013 Rua da FUNAD com a presen\u00e7a dos representantes da Comiss\u00e3o de Jo\u00e3o Pessoa. Em pauta v\u00e1rios assuntos importantes para a defesa e prote\u00e7\u00e3o dos direitos de crian\u00e7as e adolescentes. Contamos com sua participa\u00e7\u00e3o, sempre! *CONFIRMAR HOR\u00c1RIO E QUANTIDADE DE PARTICIPANTES [&hellip;]<\/p>\n","protected":false},"author":2,"featured_media":43,"comment_status":"open","ping_status":"open","sticky":false,"template":"","format":"standard","meta":{"footnotes":""},"categories":[2],"tags":[],"class_list":["post-42","post","type-post","status-publish","format-standard","has-post-thumbnail","hentry","category-destaque"],"_links":{"self":[{"href":"http:\/\/redemargaridas.org\/blog\/wp-json\/wp\/v2\/posts\/42","targetHints":{"allow":["GET"]}}],"collection":[{"href":"http:\/\/redemargaridas.org\/blog\/wp-json\/wp\/v2\/posts"}],"about":[{"href":"http:\/\/redemargaridas.org\/blog\/wp-json\/wp\/v2\/types\/post"}],"author":[{"embeddable":true,"href":"http:\/\/redemargaridas.org\/blog\/wp-json\/wp\/v2\/users\/2"}],"replies":[{"embeddable":true,"href":"http:\/\/redemargaridas.org\/blog\/wp-json\/wp\/v2\/comments?post=42"}],"version-history":[{"count":1,"href":"http:\/\/redemargaridas.org\/blog\/wp-json\/wp\/v2\/posts\/42\/revisions"}],"predecessor-version":[{"id":44,"href":"http:\/\/redemargaridas.org\/blog\/wp-json\/wp\/v2\/posts\/42\/revisions\/44"}],"wp:featuredmedia":[{"embeddable":true,"href":"http:\/\/redemargaridas.org\/blog\/wp-json\/wp\/v2\/media\/43"}],"wp:attachment":[{"href":"http:\/\/redemargaridas.org\/blog\/wp-json\/wp\/v2\/media?parent=42"}],"wp:term":[{"taxonomy":"category","embeddable":true,"href":"http:\/\/redemargaridas.org\/blog\/wp-json\/wp\/v2\/categories?post=42"},{"taxonomy":"post_tag","embeddable":true,"href":"http:\/\/redemargaridas.org\/blog\/wp-json\/wp\/v2\/tags?post=42"}],"curies":[{"name":"wp","href":"https:\/\/api.w.org\/{rel}","templated":true}]}}