{"id":66,"date":"2016-07-11T23:17:05","date_gmt":"2016-07-12T02:17:05","guid":{"rendered":"http:\/\/redemargaridas.org\/blog\/?p=66"},"modified":"2016-07-13T14:48:05","modified_gmt":"2016-07-13T17:48:05","slug":"eca-reivindicar-te","status":"publish","type":"post","link":"http:\/\/redemargaridas.org\/blog\/eca-reivindicar-te\/","title":{"rendered":"ECA ReivindicAR-TE"},"content":{"rendered":"<p><img loading=\"lazy\" decoding=\"async\" class=\"aligncenter wp-image-61 size-medium\" src=\"http:\/\/redemargaridas.org\/blog\/wp-content\/uploads\/2016\/06\/LOGO-ECA-26-anos-RGB-300x300.jpg\" alt=\"LOGO ECA 26 anos - RGB\" width=\"300\" height=\"300\" srcset=\"http:\/\/redemargaridas.org\/blog\/wp-content\/uploads\/2016\/06\/LOGO-ECA-26-anos-RGB-300x300.jpg 300w, http:\/\/redemargaridas.org\/blog\/wp-content\/uploads\/2016\/06\/LOGO-ECA-26-anos-RGB-150x150.jpg 150w, http:\/\/redemargaridas.org\/blog\/wp-content\/uploads\/2016\/06\/LOGO-ECA-26-anos-RGB-768x768.jpg 768w, http:\/\/redemargaridas.org\/blog\/wp-content\/uploads\/2016\/06\/LOGO-ECA-26-anos-RGB-1024x1024.jpg 1024w, http:\/\/redemargaridas.org\/blog\/wp-content\/uploads\/2016\/06\/LOGO-ECA-26-anos-RGB.jpg 1161w\" sizes=\"auto, (max-width: 300px) 100vw, 300px\" \/><br \/>\nO II Festival Municipal de Jo\u00e3o Pessoa, \u201cECA Reiviindicar-te\u201d abre a programa\u00e7\u00e3o do anivers\u00e1rio dos 26 anos de cria\u00e7\u00e3o do Estatuto da Crian\u00e7a e do Adolescente (ECA). Para lembrar a data (13), a Rede de Prote\u00e7\u00e3o Integral a Crian\u00e7a e ao Adolescente de Jo\u00e3o Pessoa realiza uma programa\u00e7\u00e3o com v\u00e1rios momentos, iniciando com o II Festival ReivindicAR-TE, na pr\u00f3xima quarta-feira (13), das 13 \u00e0s 17horas, no Centro Cultural Tenente Lucena, na Av. Josefa Taveira, em Mangabeira.<\/p>\n<p>Na programa\u00e7\u00e3o geral do II Festival est\u00e3o previstas apresenta\u00e7\u00f5es culturais de dan\u00e7a, m\u00fasica e teatro com crian\u00e7as e adolescentes com a presen\u00e7a das autoridades do Minist\u00e9rio P\u00fablico do Trabalho, Conselho Municipal dos Direitos da Crian\u00e7a, Frente Parlamentar, Conselhos Tutelares.<\/p>\n<p>O Festival acontece no mesmo dia nos munic\u00edpios de Cabedelo (manh\u00e3), Santa Rita (tarde), Lucena (manh\u00e3), Bayeux (tarde) e Cruz do Esp\u00edrito Santo (tarde).<\/p>\n<p><strong>Campanha 26 anos ECA<\/strong><br \/>\nEste ano, a campanha ECA 26 anos tem como eixos centrais: o trabalho infantil, a explora\u00e7\u00e3o sexual e a redu\u00e7\u00e3o da maioridade penal, como as tr\u00eas viol\u00eancias em evid\u00eancia, negando que garante o ECA. Mais uma vez contamos com a doa\u00e7\u00e3o da Ag\u00eancia de Publicidade Mayday, com o objetivo de desconstruir o preconceito contra o Estatuto da Crian\u00e7a e do Adolescente, mostrando que a crian\u00e7a e o adolescente, em qualquer situa\u00e7\u00e3o \u00e9 a v\u00edtima, nunca agressor.<\/p>\n<p>A campanha enfatiza a viola\u00e7\u00e3o de direitos de crian\u00e7as e adolescentes: o trabalho infantil, a explora\u00e7\u00e3o sexual e a redu\u00e7\u00e3o da maioridade penal como as tr\u00eas viol\u00eancias em evid\u00eancia, negando que garante o ECA.<\/p>\n<p><strong>Saiba mais<\/strong><\/p>\n<p>O\u00a0Estatuto da Crian\u00e7a e do Adolescente \u00e9 uma Lei de 1990 que normatiza o artigo 227 da Constitui\u00e7\u00e3o Federal que garante \u2018prioridade absoluta\u2019 \u00e0 inf\u00e2ncia e adolesc\u00eancia. Nesses 25 anos a luta tem sido pela efetiva\u00e7\u00e3o da lei, bem como a desconstru\u00e7\u00e3o de preconceitos que a sociedade tem em rela\u00e7\u00e3o ao estatuto, a exemplo de que defende \u2018adolescentes que cometem atos infracionais\u2019. Nesse contexto o Sistema de Garantia de (SGD) precisa trabalhar articulado para garantir que o Estatuto seja cumprido.<\/p>\n<p>O SGD \u00e9 composto por organiza\u00e7\u00f5es governamentais e n\u00e3o governamentais. E a Rede de Prote\u00e7\u00e3o Integral a Crian\u00e7a e ao Adolescente de Jo\u00e3o Pessoa \u00e9 composta por \u00f3rg\u00e3os p\u00fablicos, sociedade civil e organiza\u00e7\u00f5es n\u00e3o governamentais. Entre os \u00f3rg\u00e3os p\u00fablicos est\u00e3o a Secretaria de Estado de Desenvolvimento Humano da Para\u00edba (SEDH), Secretaria de Estado da Educa\u00e7\u00e3o (SEE), Secretaria de Estado da Sa\u00fade (SES) e Secretaria Municipal de Desenvolvimento Social de Jo\u00e3o Pessoa (SEDES) tamb\u00e9m fazem parte da Rede.<\/p>\n","protected":false},"excerpt":{"rendered":"<p>O II Festival Municipal de Jo\u00e3o Pessoa, \u201cECA Reiviindicar-te\u201d abre a programa\u00e7\u00e3o do anivers\u00e1rio dos 26 anos de cria\u00e7\u00e3o do Estatuto da Crian\u00e7a e do Adolescente (ECA). Para lembrar a data (13), a Rede de Prote\u00e7\u00e3o Integral a Crian\u00e7a e ao Adolescente de Jo\u00e3o Pessoa realiza uma programa\u00e7\u00e3o com v\u00e1rios momentos, iniciando com o II [&hellip;]<\/p>\n","protected":false},"author":3,"featured_media":0,"comment_status":"open","ping_status":"open","sticky":false,"template":"","format":"standard","meta":{"footnotes":""},"categories":[2],"tags":[],"class_list":["post-66","post","type-post","status-publish","format-standard","hentry","category-destaque"],"_links":{"self":[{"href":"http:\/\/redemargaridas.org\/blog\/wp-json\/wp\/v2\/posts\/66","targetHints":{"allow":["GET"]}}],"collection":[{"href":"http:\/\/redemargaridas.org\/blog\/wp-json\/wp\/v2\/posts"}],"about":[{"href":"http:\/\/redemargaridas.org\/blog\/wp-json\/wp\/v2\/types\/post"}],"author":[{"embeddable":true,"href":"http:\/\/redemargaridas.org\/blog\/wp-json\/wp\/v2\/users\/3"}],"replies":[{"embeddable":true,"href":"http:\/\/redemargaridas.org\/blog\/wp-json\/wp\/v2\/comments?post=66"}],"version-history":[{"count":7,"href":"http:\/\/redemargaridas.org\/blog\/wp-json\/wp\/v2\/posts\/66\/revisions"}],"predecessor-version":[{"id":79,"href":"http:\/\/redemargaridas.org\/blog\/wp-json\/wp\/v2\/posts\/66\/revisions\/79"}],"wp:attachment":[{"href":"http:\/\/redemargaridas.org\/blog\/wp-json\/wp\/v2\/media?parent=66"}],"wp:term":[{"taxonomy":"category","embeddable":true,"href":"http:\/\/redemargaridas.org\/blog\/wp-json\/wp\/v2\/categories?post=66"},{"taxonomy":"post_tag","embeddable":true,"href":"http:\/\/redemargaridas.org\/blog\/wp-json\/wp\/v2\/tags?post=66"}],"curies":[{"name":"wp","href":"https:\/\/api.w.org\/{rel}","templated":true}]}}